{"id":1,"date":"2018-05-01T13:04:50","date_gmt":"2018-05-01T13:04:50","guid":{"rendered":"http:\/\/www.steinhau.com\/quartierlatin-berlin\/wordpress\/?p=1"},"modified":"2018-05-02T08:03:55","modified_gmt":"2018-05-02T08:03:55","slug":"hallo-welt","status":"publish","type":"post","link":"http:\/\/www.steinhau.com\/quartierlatin-berlin\/wordpress\/hallo-welt\/","title":{"rendered":"Wir sind dann mal soweit \u2026"},"content":{"rendered":"<p>\u2026 nun geht es auch hier los.\u00a0Die Webseite zum gro\u00dfen Buch \u00fcber das Quartier Latin.<\/p>\n<p>Das ist nun seit, \u00e4hem, r\u00e4usper, geraumer Zeit in Arbeit \u2013 ein wahres Langzeitprojekt. Wir beide \u2013 Marco Sa\u00df und Henry Steinhau \u2013 haben seit 1990 daf\u00fcr recherchiert, interviewt und geschrieben, fotografiert, reprografiert und digitalisiert und dabei viel Herzblut, Leidenschaft und M\u00fchen in dieses Werk gesteckt. Aber wir haben es nie aufgegeben.<\/p>\n<p>2017 stie\u00dfen wir auf einen hervorragenden Partner, den <a href=\"http:\/\/www.lh-verlag.com\">Berliner L+H-Verlag<\/a>. Mit ihm zusammen werden wir das Buch im September 2018 ver\u00f6ffentlichen und dies <span class=\"text_exposed_show\"><a href=\"https:\/\/wiga.reservix.de\/p\/reservix\/event\/1139930\">24.9.2018 mit einem Buchpremieren-Event im Wintergarten<\/a> (im Ort des damaligen Geschehens) auch angemessen feiern.<\/span><\/p>\n<p><span class=\"text_exposed_show\">Damit das Buch ein richtig gutes Ding wird, ben\u00f6tigen wir Unterst\u00fctzung, um die wir mit einer <a href=\"http:\/\/www.visionbakery.com\/quartierlatin-berlin\">Crowdfunding-Kampagne<\/a> werben, die im Mai 2018 startet.<\/span><\/p>\n<p><span class=\"text_exposed_show\">\u00dcber all das informieren wir ab sofort auch an dieser Stelle \u2013 und freuen uns \u00fcber Aufmerksamkeit, Zuspruch, Unterst\u00fctzung und Weitererz\u00e4hlen.<\/span><\/p>\n","protected":false},"excerpt":{"rendered":"<p>\u2026 nun geht es auch hier los.\u00a0Die Webseite zum gro\u00dfen Buch \u00fcber das Quartier Latin. Das ist nun seit, \u00e4hem,<\/p>\n","protected":false},"author":2,"featured_media":0,"comment_status":"open","ping_status":"open","sticky":false,"template":"templates\/template-fullwidth.php","format":"standard","meta":{"jetpack_post_was_ever_published":false,"_jetpack_newsletter_access":"","_jetpack_dont_email_post_to_subs":false,"_jetpack_newsletter_tier_id":0,"_jetpack_memberships_contains_paywalled_content":false,"_jetpack_memberships_contains_paid_content":false,"footnotes":""},"categories":[1],"tags":[],"class_list":["post-1","post","type-post","status-publish","format-standard","hentry","category-allgemein"],"jetpack_featured_media_url":"","jetpack_sharing_enabled":true,"jetpack_shortlink":"https:\/\/wp.me\/p9SoaN-1","jetpack-related-posts":[],"jetpack_likes_enabled":true,"_links":{"self":[{"href":"http:\/\/www.steinhau.com\/quartierlatin-berlin\/wordpress\/wp-json\/wp\/v2\/posts\/1","targetHints":{"allow":["GET"]}}],"collection":[{"href":"http:\/\/www.steinhau.com\/quartierlatin-berlin\/wordpress\/wp-json\/wp\/v2\/posts"}],"about":[{"href":"http:\/\/www.steinhau.com\/quartierlatin-berlin\/wordpress\/wp-json\/wp\/v2\/types\/post"}],"author":[{"embeddable":true,"href":"http:\/\/www.steinhau.com\/quartierlatin-berlin\/wordpress\/wp-json\/wp\/v2\/users\/2"}],"replies":[{"embeddable":true,"href":"http:\/\/www.steinhau.com\/quartierlatin-berlin\/wordpress\/wp-json\/wp\/v2\/comments?post=1"}],"version-history":[{"count":7,"href":"http:\/\/www.steinhau.com\/quartierlatin-berlin\/wordpress\/wp-json\/wp\/v2\/posts\/1\/revisions"}],"predecessor-version":[{"id":107,"href":"http:\/\/www.steinhau.com\/quartierlatin-berlin\/wordpress\/wp-json\/wp\/v2\/posts\/1\/revisions\/107"}],"wp:attachment":[{"href":"http:\/\/www.steinhau.com\/quartierlatin-berlin\/wordpress\/wp-json\/wp\/v2\/media?parent=1"}],"wp:term":[{"taxonomy":"category","embeddable":true,"href":"http:\/\/www.steinhau.com\/quartierlatin-berlin\/wordpress\/wp-json\/wp\/v2\/categories?post=1"},{"taxonomy":"post_tag","embeddable":true,"href":"http:\/\/www.steinhau.com\/quartierlatin-berlin\/wordpress\/wp-json\/wp\/v2\/tags?post=1"}],"curies":[{"name":"wp","href":"https:\/\/api.w.org\/{rel}","templated":true}]}}