{"id":156,"date":"2018-05-10T16:35:19","date_gmt":"2018-05-10T16:35:19","guid":{"rendered":"http:\/\/www.steinhau.com\/quartierlatin-berlin\/wordpress\/?p=156"},"modified":"2018-05-21T16:36:45","modified_gmt":"2018-05-21T16:36:45","slug":"10-mai-1983","status":"publish","type":"post","link":"http:\/\/www.steinhau.com\/quartierlatin-berlin\/wordpress\/10-mai-1983\/","title":{"rendered":"10. Mai 1983"},"content":{"rendered":"<div class=\"buttons\">\n<div class=\"flx mb10\"><\/div>\n<\/div>\n<div class=\"flx\">\n<div class=\"flx\">\n<p><span style=\"text-decoration: underline;\">10. Mai 1983<\/span>: <em>Herbert Gr\u00f6nemeyer<\/em> im Quartier Latin. Dem Vernehmen nach wohl nicht ganz ausverkauft. Kaum zu glauben aus heutiger Sicht.<\/p>\n<p>Herbert Gr\u00f6nemeyer war 1983 auf der \u201eGemischte Gef\u00fchle\u201c-Tour.<\/p>\n<p>Geht uns heute so \u00e4hnlich: einerseits sind wir begeistert \u00fcber Eure bisherige Unterst\u00fctzung, andererseits: das reicht noch nicht! Wenn Ihr wollt, dass dieses einzigartige Buch zum legend\u00e4ren Quartier Latin wirklich Wirklichkeit wird, und wir das Buch am 24.9. gemeinsam mit vielen K\u00fcnstlern aus der Quartier-Geschichte gemeinsam feiern, brauchen wir weiter Eure Hilfe. Teilt diese Aktion, erz\u00e4hlt dar\u00fcber, sichert Euch die besten Erinnerungen. Werdet zum Kulturf\u00f6rderer.<\/p>\n<p>Es kommt darauf an: das Quartier Latin Buch + Show kann es nur mit Eurer Hilfe geben. Heute ist der richtige Moment, aus den \u201eGemischten Gef\u00fchlen\u201c durch gro\u00dfe \u201eSpr\u00fcnge\u201c nun \u201eDauernd jetzt\u201c zu machen. Jetzt entscheiden, ist nicht \u201eTotal egal\u201c.<\/p>\n<\/div>\n<\/div>\n","protected":false},"excerpt":{"rendered":"<p>10. Mai 1983: Herbert Gr\u00f6nemeyer im Quartier Latin. Dem Vernehmen nach wohl nicht ganz ausverkauft. Kaum zu glauben aus heutiger<\/p>\n","protected":false},"author":2,"featured_media":0,"comment_status":"open","ping_status":"open","sticky":false,"template":"","format":"standard","meta":{"jetpack_post_was_ever_published":false,"_jetpack_newsletter_access":"","_jetpack_dont_email_post_to_subs":false,"_jetpack_newsletter_tier_id":0,"_jetpack_memberships_contains_paywalled_content":false,"_jetpack_memberships_contains_paid_content":false,"footnotes":""},"categories":[10],"tags":[],"class_list":["post-156","post","type-post","status-publish","format-standard","hentry","category-chronik"],"jetpack_featured_media_url":"","jetpack_sharing_enabled":true,"jetpack_shortlink":"https:\/\/wp.me\/p9SoaN-2w","jetpack-related-posts":[],"jetpack_likes_enabled":true,"_links":{"self":[{"href":"http:\/\/www.steinhau.com\/quartierlatin-berlin\/wordpress\/wp-json\/wp\/v2\/posts\/156","targetHints":{"allow":["GET"]}}],"collection":[{"href":"http:\/\/www.steinhau.com\/quartierlatin-berlin\/wordpress\/wp-json\/wp\/v2\/posts"}],"about":[{"href":"http:\/\/www.steinhau.com\/quartierlatin-berlin\/wordpress\/wp-json\/wp\/v2\/types\/post"}],"author":[{"embeddable":true,"href":"http:\/\/www.steinhau.com\/quartierlatin-berlin\/wordpress\/wp-json\/wp\/v2\/users\/2"}],"replies":[{"embeddable":true,"href":"http:\/\/www.steinhau.com\/quartierlatin-berlin\/wordpress\/wp-json\/wp\/v2\/comments?post=156"}],"version-history":[{"count":1,"href":"http:\/\/www.steinhau.com\/quartierlatin-berlin\/wordpress\/wp-json\/wp\/v2\/posts\/156\/revisions"}],"predecessor-version":[{"id":157,"href":"http:\/\/www.steinhau.com\/quartierlatin-berlin\/wordpress\/wp-json\/wp\/v2\/posts\/156\/revisions\/157"}],"wp:attachment":[{"href":"http:\/\/www.steinhau.com\/quartierlatin-berlin\/wordpress\/wp-json\/wp\/v2\/media?parent=156"}],"wp:term":[{"taxonomy":"category","embeddable":true,"href":"http:\/\/www.steinhau.com\/quartierlatin-berlin\/wordpress\/wp-json\/wp\/v2\/categories?post=156"},{"taxonomy":"post_tag","embeddable":true,"href":"http:\/\/www.steinhau.com\/quartierlatin-berlin\/wordpress\/wp-json\/wp\/v2\/tags?post=156"}],"curies":[{"name":"wp","href":"https:\/\/api.w.org\/{rel}","templated":true}]}}