{"id":242,"date":"2018-08-23T11:21:12","date_gmt":"2018-08-23T11:21:12","guid":{"rendered":"http:\/\/www.steinhau.com\/quartierlatin-berlin\/wordpress\/?p=242"},"modified":"2018-11-30T13:43:00","modified_gmt":"2018-11-30T13:43:00","slug":"in-der-druckerei","status":"publish","type":"post","link":"http:\/\/www.steinhau.com\/quartierlatin-berlin\/wordpress\/in-der-druckerei\/","title":{"rendered":"In der Druckerei"},"content":{"rendered":"<p>\u201eDie Daten sind nun in der Druckerei.\u201c Diese Mitteilung seitens des L+H-Verlages versetzt uns in eine Stimmung von Zufriedenheit und Erl\u00f6sung.<\/p>\n<p>Nach vielen anstrengenden Wochen mit Texten und Bearbeitungen, die eben erst ganz zum Schluss gemacht werden k\u00f6nnen \u2013 vom Vorwort und Inhaltsverzeichnis, \u00fcber die Danksagungen, bis hin zum Impressum \u2013 nach intensiver Arbeit am Layout, an Korrekturen und Druckvorbereitungen ist es nun soweit: Unser Buch \u2013 das Buch \u00fcber das Quartier Latin, Berlins legend\u00e4ren Musikladen \u2013 ist endlich auf seinem entscheidenden Weg. Wie aufregend!<\/p>\n<p>An dieser Stelle gilt unser Dank insbesondere an <strong>Erik Spiekermann<\/strong> und\u00a0<strong>Jannis Riethm\u00fcller<\/strong>, die die 368 Seiten gestaltet, gesetzt und typografisch veredelt haben.\u00a0Das Buch sieht \u2013 au\u00dfen wie innen \u2013 einfach grandios gut aus, wir sind\u00a0<!--more-->nicht nur entz\u00fcckt sondern komplett begeistert, wie sch\u00f6n es geworden ist.<\/p>\n<p>Dankesehr also, Erik und Jannis und dem Team der <a href=\"https:\/\/www.p98a.com\">Galerie p98a<\/a>, f\u00fcr die tolle und engagierte Zusammenarbeit! Euer Einsatz war schlichtweg gro\u00dfartig, das war harte Arbeit und wir wissen diese gelungene Kooperation wirklich sehr zu sch\u00e4tzen.<\/p>\n<p>Danke auch an Mareike Hutsky und dem Team vom <a href=\"http:\/\/www.lh-verlag.com\/index.php?option=com_books&amp;view=bereichbook&amp;Itemid=55&amp;id=76&amp;region=1&amp;bereich=4\">L+H-Verlag<\/a> f\u00fcr die konstruktive Zusammenarbeit im Finish dieser Produktion.<\/p>\n","protected":false},"excerpt":{"rendered":"<p>\u201eDie Daten sind nun in der Druckerei.\u201c Diese Mitteilung seitens des L+H-Verlages versetzt uns in eine Stimmung von Zufriedenheit und<\/p>\n","protected":false},"author":2,"featured_media":243,"comment_status":"open","ping_status":"open","sticky":false,"template":"","format":"standard","meta":{"jetpack_post_was_ever_published":false,"_jetpack_newsletter_access":"","_jetpack_dont_email_post_to_subs":false,"_jetpack_newsletter_tier_id":0,"_jetpack_memberships_contains_paywalled_content":false,"_jetpack_memberships_contains_paid_content":false,"footnotes":""},"categories":[11],"tags":[20],"class_list":["post-242","post","type-post","status-publish","format-standard","has-post-thumbnail","hentry","category-produktion","tag-druck"],"jetpack_featured_media_url":"http:\/\/www.steinhau.com\/quartierlatin-berlin\/wordpress\/wp-content\/uploads\/2018\/08\/QL-Buch-Umschlag-klein.jpg","jetpack_sharing_enabled":true,"jetpack_shortlink":"https:\/\/wp.me\/p9SoaN-3U","jetpack-related-posts":[],"jetpack_likes_enabled":true,"_links":{"self":[{"href":"http:\/\/www.steinhau.com\/quartierlatin-berlin\/wordpress\/wp-json\/wp\/v2\/posts\/242","targetHints":{"allow":["GET"]}}],"collection":[{"href":"http:\/\/www.steinhau.com\/quartierlatin-berlin\/wordpress\/wp-json\/wp\/v2\/posts"}],"about":[{"href":"http:\/\/www.steinhau.com\/quartierlatin-berlin\/wordpress\/wp-json\/wp\/v2\/types\/post"}],"author":[{"embeddable":true,"href":"http:\/\/www.steinhau.com\/quartierlatin-berlin\/wordpress\/wp-json\/wp\/v2\/users\/2"}],"replies":[{"embeddable":true,"href":"http:\/\/www.steinhau.com\/quartierlatin-berlin\/wordpress\/wp-json\/wp\/v2\/comments?post=242"}],"version-history":[{"count":6,"href":"http:\/\/www.steinhau.com\/quartierlatin-berlin\/wordpress\/wp-json\/wp\/v2\/posts\/242\/revisions"}],"predecessor-version":[{"id":384,"href":"http:\/\/www.steinhau.com\/quartierlatin-berlin\/wordpress\/wp-json\/wp\/v2\/posts\/242\/revisions\/384"}],"wp:featuredmedia":[{"embeddable":true,"href":"http:\/\/www.steinhau.com\/quartierlatin-berlin\/wordpress\/wp-json\/wp\/v2\/media\/243"}],"wp:attachment":[{"href":"http:\/\/www.steinhau.com\/quartierlatin-berlin\/wordpress\/wp-json\/wp\/v2\/media?parent=242"}],"wp:term":[{"taxonomy":"category","embeddable":true,"href":"http:\/\/www.steinhau.com\/quartierlatin-berlin\/wordpress\/wp-json\/wp\/v2\/categories?post=242"},{"taxonomy":"post_tag","embeddable":true,"href":"http:\/\/www.steinhau.com\/quartierlatin-berlin\/wordpress\/wp-json\/wp\/v2\/tags?post=242"}],"curies":[{"name":"wp","href":"https:\/\/api.w.org\/{rel}","templated":true}]}}