{"id":436,"date":"2018-09-21T19:30:14","date_gmt":"2018-09-21T19:30:14","guid":{"rendered":"http:\/\/www.steinhau.com\/quartierlatin-berlin\/wordpress\/?p=436"},"modified":"2018-11-30T19:47:41","modified_gmt":"2018-11-30T19:47:41","slug":"zu-gast-bei-radio-eins-in-die-schoene-strasse-am-21-9-18","status":"publish","type":"post","link":"http:\/\/www.steinhau.com\/quartierlatin-berlin\/wordpress\/zu-gast-bei-radio-eins-in-die-schoene-strasse-am-21-9-18\/","title":{"rendered":"Zu Gast bei Radio Eins in \u201eDie sch\u00f6ne Stra\u00dfe\u201c am 21.9.18"},"content":{"rendered":"<p>Sch\u00f6n war&#8217;s heute bei <a href=\"https:\/\/www.radioeins.de\/programm\/sendungen\/schoenestrasse\/potsdamer-strasse\/beitraege\/quartier-latin-berlin.html?fbclid=IwAR3DJEqz6YOJEE6iUa8yWOaLHc9elj-jKbuP7AlltI204Y-jW6g7hn8q4Js\">radioeins in der Sendung \u201eDie sch\u00f6ne\u201c \u2013 Potsdamer \u2013 \u201eStra\u00dfe\u201c.<\/a> Unser Gespr\u00e4ch \u00fcber das Quartier Latin (eben dort) und unser Buch, 10 flotte Plauderminuten.<\/p>\n<p>Auf dem Foto, das Radio Eins kurz nach dem Gespr\u00e4ch in der Sendung von uns machte (auf deren Website in gr\u00f6\u00dfer zu bewundern), halten wir \u00fcbrigens sichtlich stolz unser Buch in den H\u00e4nden, das zu diesem Zeitpunkt praktisch nur wenige Stunden zuvor aus der Druckerei gekommen war. Yepp!<\/p>\n<p><a href=\"https:\/\/www.radioeins.de\/programm\/sendungen\/schoenestrasse\/potsdamer-strasse\/beitraege\/quartier-latin-berlin.html?fbclid=IwAR3DJEqz6YOJEE6iUa8yWOaLHc9elj-jKbuP7AlltI204Y-jW6g7hn8q4Js\">Hier zum Nachh\u00f6ren<\/a><\/p>\n","protected":false},"excerpt":{"rendered":"<p>Sch\u00f6n war&#8217;s heute bei radioeins in der Sendung \u201eDie sch\u00f6ne\u201c \u2013 Potsdamer \u2013 \u201eStra\u00dfe\u201c. Unser Gespr\u00e4ch \u00fcber das Quartier Latin<\/p>\n","protected":false},"author":2,"featured_media":437,"comment_status":"open","ping_status":"open","sticky":false,"template":"","format":"standard","meta":{"jetpack_post_was_ever_published":false,"_jetpack_newsletter_access":"","_jetpack_dont_email_post_to_subs":false,"_jetpack_newsletter_tier_id":0,"_jetpack_memberships_contains_paywalled_content":false,"_jetpack_memberships_contains_paid_content":false,"footnotes":""},"categories":[21],"tags":[29,42],"class_list":["post-436","post","type-post","status-publish","format-standard","has-post-thumbnail","hentry","category-presseschau","tag-radio","tag-radio-eins"],"jetpack_featured_media_url":"http:\/\/www.steinhau.com\/quartierlatin-berlin\/wordpress\/wp-content\/uploads\/2018\/11\/Screenshot-Marco-Henry-bei-Radio-Eins-Die-sch\u00f6ne-Stra\u00dfe.png","jetpack_sharing_enabled":true,"jetpack_shortlink":"https:\/\/wp.me\/p9SoaN-72","jetpack-related-posts":[],"jetpack_likes_enabled":true,"_links":{"self":[{"href":"http:\/\/www.steinhau.com\/quartierlatin-berlin\/wordpress\/wp-json\/wp\/v2\/posts\/436","targetHints":{"allow":["GET"]}}],"collection":[{"href":"http:\/\/www.steinhau.com\/quartierlatin-berlin\/wordpress\/wp-json\/wp\/v2\/posts"}],"about":[{"href":"http:\/\/www.steinhau.com\/quartierlatin-berlin\/wordpress\/wp-json\/wp\/v2\/types\/post"}],"author":[{"embeddable":true,"href":"http:\/\/www.steinhau.com\/quartierlatin-berlin\/wordpress\/wp-json\/wp\/v2\/users\/2"}],"replies":[{"embeddable":true,"href":"http:\/\/www.steinhau.com\/quartierlatin-berlin\/wordpress\/wp-json\/wp\/v2\/comments?post=436"}],"version-history":[{"count":3,"href":"http:\/\/www.steinhau.com\/quartierlatin-berlin\/wordpress\/wp-json\/wp\/v2\/posts\/436\/revisions"}],"predecessor-version":[{"id":440,"href":"http:\/\/www.steinhau.com\/quartierlatin-berlin\/wordpress\/wp-json\/wp\/v2\/posts\/436\/revisions\/440"}],"wp:featuredmedia":[{"embeddable":true,"href":"http:\/\/www.steinhau.com\/quartierlatin-berlin\/wordpress\/wp-json\/wp\/v2\/media\/437"}],"wp:attachment":[{"href":"http:\/\/www.steinhau.com\/quartierlatin-berlin\/wordpress\/wp-json\/wp\/v2\/media?parent=436"}],"wp:term":[{"taxonomy":"category","embeddable":true,"href":"http:\/\/www.steinhau.com\/quartierlatin-berlin\/wordpress\/wp-json\/wp\/v2\/categories?post=436"},{"taxonomy":"post_tag","embeddable":true,"href":"http:\/\/www.steinhau.com\/quartierlatin-berlin\/wordpress\/wp-json\/wp\/v2\/tags?post=436"}],"curies":[{"name":"wp","href":"https:\/\/api.w.org\/{rel}","templated":true}]}}