{"id":534,"date":"2018-08-04T12:11:39","date_gmt":"2018-08-04T12:11:39","guid":{"rendered":"http:\/\/www.steinhau.com\/quartierlatin-berlin\/wordpress\/?p=534"},"modified":"2019-01-02T07:56:07","modified_gmt":"2019-01-02T07:56:07","slug":"artikel-zum-buch-in-der-berliner-zeitung-vom-3-8-18","status":"publish","type":"post","link":"http:\/\/www.steinhau.com\/quartierlatin-berlin\/wordpress\/artikel-zum-buch-in-der-berliner-zeitung-vom-3-8-18\/","title":{"rendered":"Artikel zum Buch in der Berliner Zeitung vom 3.8.18"},"content":{"rendered":"<p>Unter der \u00dcberschrift \u201eGeliebter Laden. Marco Sa\u00df will dem legend\u00e4ren Quartier Latin mit einem Buch ein Denkmal setzen\u201c erschien gestern, in der Ausgabe vom 3.8.2018 der Berliner Zeitung ein Bericht zu unserem Buch.<\/p>\n<p>Autor\u00a0<em>Andreas Kurtz <\/em>geht darin ausf\u00fchrlich auf die Intention des Buches, unsere erfolgreiche Crowdfunding-Kampagne, die laufende Produktion und die geplante Premierenfeier ein.<\/p>\n<p>Sehr sch\u00f6ner Artikel mit vielen guten Fotos bebildert. Das steigert die Vorfreude auch bei uns enorm ;-)<\/p>\n<p><span style=\"text-decoration: underline;\">Bitte beachten<\/span>: Der Artikel ist nicht auf der Webseite der Berliner Zeitung online archiviert. Er ist aber zumindest beim Archivdienst Genios zu finden. Ein Zugang zur Genios-Datenbank steht unter anderem den registrierten Nutzern der \u00f6ffentlichen Bibliotheken Berlins (V\u00d6BB) zur Verf\u00fcgung. Der Artikel findet sich dann \u2013 nach erfolgreichem Login \u2013 unter folgendem Link:<\/p>\n<p><a href=\"https:\/\/bib-voebb.genios.de\/document\/BEZE__MDS-A-D45522C2-7B98-408D-B8C6-B4BA91D7331C\/hitlist\/0?all=\">https:\/\/bib-voebb.genios.de\/document\/BEZE__MDS-A-D45522C2-7B98-408D-B8C6-B4BA91D7331C\/hitlist\/0?all=<\/a><\/p>\n","protected":false},"excerpt":{"rendered":"<p>Unter der \u00dcberschrift \u201eGeliebter Laden. Marco Sa\u00df will dem legend\u00e4ren Quartier Latin mit einem Buch ein Denkmal setzen\u201c erschien gestern,<\/p>\n","protected":false},"author":2,"featured_media":536,"comment_status":"open","ping_status":"open","sticky":false,"template":"","format":"standard","meta":{"jetpack_post_was_ever_published":false,"_jetpack_newsletter_access":"","_jetpack_dont_email_post_to_subs":false,"_jetpack_newsletter_tier_id":0,"_jetpack_memberships_contains_paywalled_content":false,"_jetpack_memberships_contains_paid_content":false,"footnotes":""},"categories":[21],"tags":[30,31],"class_list":["post-534","post","type-post","status-publish","format-standard","has-post-thumbnail","hentry","category-presseschau","tag-berliner-zeitung","tag-zeitung"],"jetpack_featured_media_url":"http:\/\/www.steinhau.com\/quartierlatin-berlin\/wordpress\/wp-content\/uploads\/2018\/08\/Berliner-Zeitung-\u00fcber-das-QL-Buch-3.8.2018-300-breit.jpeg","jetpack_sharing_enabled":true,"jetpack_shortlink":"https:\/\/wp.me\/p9SoaN-8C","jetpack-related-posts":[],"jetpack_likes_enabled":true,"_links":{"self":[{"href":"http:\/\/www.steinhau.com\/quartierlatin-berlin\/wordpress\/wp-json\/wp\/v2\/posts\/534","targetHints":{"allow":["GET"]}}],"collection":[{"href":"http:\/\/www.steinhau.com\/quartierlatin-berlin\/wordpress\/wp-json\/wp\/v2\/posts"}],"about":[{"href":"http:\/\/www.steinhau.com\/quartierlatin-berlin\/wordpress\/wp-json\/wp\/v2\/types\/post"}],"author":[{"embeddable":true,"href":"http:\/\/www.steinhau.com\/quartierlatin-berlin\/wordpress\/wp-json\/wp\/v2\/users\/2"}],"replies":[{"embeddable":true,"href":"http:\/\/www.steinhau.com\/quartierlatin-berlin\/wordpress\/wp-json\/wp\/v2\/comments?post=534"}],"version-history":[{"count":5,"href":"http:\/\/www.steinhau.com\/quartierlatin-berlin\/wordpress\/wp-json\/wp\/v2\/posts\/534\/revisions"}],"predecessor-version":[{"id":588,"href":"http:\/\/www.steinhau.com\/quartierlatin-berlin\/wordpress\/wp-json\/wp\/v2\/posts\/534\/revisions\/588"}],"wp:featuredmedia":[{"embeddable":true,"href":"http:\/\/www.steinhau.com\/quartierlatin-berlin\/wordpress\/wp-json\/wp\/v2\/media\/536"}],"wp:attachment":[{"href":"http:\/\/www.steinhau.com\/quartierlatin-berlin\/wordpress\/wp-json\/wp\/v2\/media?parent=534"}],"wp:term":[{"taxonomy":"category","embeddable":true,"href":"http:\/\/www.steinhau.com\/quartierlatin-berlin\/wordpress\/wp-json\/wp\/v2\/categories?post=534"},{"taxonomy":"post_tag","embeddable":true,"href":"http:\/\/www.steinhau.com\/quartierlatin-berlin\/wordpress\/wp-json\/wp\/v2\/tags?post=534"}],"curies":[{"name":"wp","href":"https:\/\/api.w.org\/{rel}","templated":true}]}}