{"id":569,"date":"2018-12-29T15:12:03","date_gmt":"2018-12-29T15:12:03","guid":{"rendered":"http:\/\/www.steinhau.com\/quartierlatin-berlin\/wordpress\/?p=569"},"modified":"2019-01-02T07:58:17","modified_gmt":"2019-01-02T07:58:17","slug":"rezension-und-empfehlung-in-der-berliner-morgenpost","status":"publish","type":"post","link":"http:\/\/www.steinhau.com\/quartierlatin-berlin\/wordpress\/rezension-und-empfehlung-in-der-berliner-morgenpost\/","title":{"rendered":"Rezension und Empfehlung in der Berliner Morgenpost"},"content":{"rendered":"<p>In einem gro\u00dfen, \u00fcber eine ganze Seite gehenden Artikel anl\u00e4sslich der diesj\u00e4hrigen Frankfurter Buchmesse listete die <em>Berliner Morgenpost<\/em> in ihrer Ausgabe vom 10.10.2018 insgesamt zehn \u201eB\u00fccher dieses Herbstes\u201c auf.<\/p>\n<p>In dieser Liste findet sich \u2013 zu unserer gro\u00dfen Freude \u2013 auch unser Buch \u00fcber das Quartier Latin. In der kurzen Rezension von \u201eFM\u201c hei\u00dft es dazu unter anderem: \u201eMarco Sa\u00df und Henry Steinhau haben jetzt einen ungeheuer materialreichen, liebevoll gestalteten Band \u00fcber den \u201eLaden\u201c vorgelegt.\u201c<!--more--><\/p>\n<p>Es bewegt uns sehr, dass die Kulturredaktion der Berliner Morgenpost unser Buch auf diese Weise hervorgehoben empfiehlt, das Buch dort so gut bewertet wird und dass wir an dieser Stelle in Gesellschaft von hochklassigen Romanen, Erz\u00e4hlungen und Sachb\u00fcchern stehen.<\/p>\n<p>Wir haben von diesem Artikel erst jetzt im Dezember erfahren, auf Hinweis einer Unterst\u00fctzerin (unser <a href=\"http:\/\/www.steinhau.com\/quartierlatin-berlin\/wordpress\/die-crowdfunding-kampagne\/\">Crowdfunding-Kampagne<\/a>). Wir sagen herzlich Dankesch\u00f6n an <em>G.\u00a0Lehmann<\/em> f\u00fcr den aufmerksamen Hinweis!<\/p>\n<p><span style=\"text-decoration: underline;\">Bitte beachten<\/span>: Der Artikel ist nicht auf der Webseite der Berliner Morgenpost online archiviert. Er ist aber zumindest beim Archivdienst Genios zu finden. Ein Zugang zur Genios-Datenbank steht unter anderem den registrierten Nutzern der \u00f6ffentlichen Bibliotheken Berlins (V\u00d6BB) zur Verf\u00fcgung. Der Artikel findet sich dann \u2013 nach erfolgreichem Login \u2013 unter folgendem Link:\u00a0<a href=\"https:\/\/bib-voebb.genios.de\/document\/BMP__159854136\/hitlist\/0?all=\">https:\/\/bib-voebb.genios.de\/document\/BMP__159854136\/hitlist\/0?all=<\/a><\/p>\n","protected":false},"excerpt":{"rendered":"<p>In einem gro\u00dfen, \u00fcber eine ganze Seite gehenden Artikel anl\u00e4sslich der diesj\u00e4hrigen Frankfurter Buchmesse listete die Berliner Morgenpost in ihrer<\/p>\n","protected":false},"author":2,"featured_media":573,"comment_status":"open","ping_status":"open","sticky":false,"template":"","format":"standard","meta":{"jetpack_post_was_ever_published":false,"_jetpack_newsletter_access":"","_jetpack_dont_email_post_to_subs":false,"_jetpack_newsletter_tier_id":0,"_jetpack_memberships_contains_paywalled_content":false,"_jetpack_memberships_contains_paid_content":false,"footnotes":""},"categories":[21],"tags":[45,60],"class_list":["post-569","post","type-post","status-publish","format-standard","has-post-thumbnail","hentry","category-presseschau","tag-berliner-morgenpost","tag-frankfurter-buchmesse"],"jetpack_featured_media_url":"http:\/\/www.steinhau.com\/quartierlatin-berlin\/wordpress\/wp-content\/uploads\/2018\/12\/Collage-QL-Buch-in-10er-Liste-BerlMoPo-10.10.2018.png","jetpack_sharing_enabled":true,"jetpack_shortlink":"https:\/\/wp.me\/p9SoaN-9b","jetpack-related-posts":[],"jetpack_likes_enabled":true,"_links":{"self":[{"href":"http:\/\/www.steinhau.com\/quartierlatin-berlin\/wordpress\/wp-json\/wp\/v2\/posts\/569","targetHints":{"allow":["GET"]}}],"collection":[{"href":"http:\/\/www.steinhau.com\/quartierlatin-berlin\/wordpress\/wp-json\/wp\/v2\/posts"}],"about":[{"href":"http:\/\/www.steinhau.com\/quartierlatin-berlin\/wordpress\/wp-json\/wp\/v2\/types\/post"}],"author":[{"embeddable":true,"href":"http:\/\/www.steinhau.com\/quartierlatin-berlin\/wordpress\/wp-json\/wp\/v2\/users\/2"}],"replies":[{"embeddable":true,"href":"http:\/\/www.steinhau.com\/quartierlatin-berlin\/wordpress\/wp-json\/wp\/v2\/comments?post=569"}],"version-history":[{"count":11,"href":"http:\/\/www.steinhau.com\/quartierlatin-berlin\/wordpress\/wp-json\/wp\/v2\/posts\/569\/revisions"}],"predecessor-version":[{"id":589,"href":"http:\/\/www.steinhau.com\/quartierlatin-berlin\/wordpress\/wp-json\/wp\/v2\/posts\/569\/revisions\/589"}],"wp:featuredmedia":[{"embeddable":true,"href":"http:\/\/www.steinhau.com\/quartierlatin-berlin\/wordpress\/wp-json\/wp\/v2\/media\/573"}],"wp:attachment":[{"href":"http:\/\/www.steinhau.com\/quartierlatin-berlin\/wordpress\/wp-json\/wp\/v2\/media?parent=569"}],"wp:term":[{"taxonomy":"category","embeddable":true,"href":"http:\/\/www.steinhau.com\/quartierlatin-berlin\/wordpress\/wp-json\/wp\/v2\/categories?post=569"},{"taxonomy":"post_tag","embeddable":true,"href":"http:\/\/www.steinhau.com\/quartierlatin-berlin\/wordpress\/wp-json\/wp\/v2\/tags?post=569"}],"curies":[{"name":"wp","href":"https:\/\/api.w.org\/{rel}","templated":true}]}}