{"id":615,"date":"2019-02-28T10:21:14","date_gmt":"2019-02-28T10:21:14","guid":{"rendered":"http:\/\/www.steinhau.com\/quartierlatin-berlin\/wordpress\/?p=615"},"modified":"2019-02-28T10:21:14","modified_gmt":"2019-02-28T10:21:14","slug":"lesung-in-der-buchhandlung-thaer-berlin-friedenau","status":"publish","type":"post","link":"http:\/\/www.steinhau.com\/quartierlatin-berlin\/wordpress\/lesung-in-der-buchhandlung-thaer-berlin-friedenau\/","title":{"rendered":"Lesung in der Buchhandlung Thaer, Berlin-Friedenau"},"content":{"rendered":"<p><strong>Die n\u00e4chste Lesung aus dem Quartier Latin-Buch <\/strong>mit Marco Sa\u00df und Henry Steinhau, findet<strong>\u00a0am 14. M\u00e4rz 2019<\/strong> statt in der <a href=\"https:\/\/www.genialokal.de\/buchhandlung\/berlin\/thaer\/Veranstaltungen\/\">Buchhandlung Thaer<\/a>, <span style=\"text-decoration: underline;\">Bundesallee 77, nahe Friedrich-Wilhelm-Platz, Berlin<\/span>.<\/p>\n<p>Wir sind sehr gespannt, freuen uns auf einen Abend umgeben von B\u00fcchern und mit hoffentlich vielen neugierigen G\u00e4sten. Unser Buch wird in ausreichender St\u00fcckzahl verf\u00fcgbar sein \u2013 die zweite Auflage ist gerade in der Druckerei \u2013 und wir signieren jedes verkaufte Exemplar sehr gerne.<\/p>\n<p><strong>Los geht&#8217;s um 20 Uhr, mehr Informationen hier:\u00a0<\/strong><a href=\"https:\/\/www.genialokal.de\/buchhandlung\/berlin\/thaer\/Veranstaltungen\/\">https:\/\/www.genialokal.de\/buchhandlung\/berlin\/thaer\/Veranstaltungen\/<\/a><\/p>\n","protected":false},"excerpt":{"rendered":"<p>Die n\u00e4chste Lesung aus dem Quartier Latin-Buch mit Marco Sa\u00df und Henry Steinhau, findet\u00a0am 14. M\u00e4rz 2019 statt in der<\/p>\n","protected":false},"author":2,"featured_media":616,"comment_status":"open","ping_status":"open","sticky":false,"template":"","format":"standard","meta":{"jetpack_post_was_ever_published":false,"_jetpack_newsletter_access":"","_jetpack_dont_email_post_to_subs":false,"_jetpack_newsletter_tier_id":0,"_jetpack_memberships_contains_paywalled_content":false,"_jetpack_memberships_contains_paid_content":false,"footnotes":""},"categories":[22],"tags":[],"class_list":["post-615","post","type-post","status-publish","format-standard","has-post-thumbnail","hentry","category-lesungen"],"jetpack_featured_media_url":"http:\/\/www.steinhau.com\/quartierlatin-berlin\/wordpress\/wp-content\/uploads\/2019\/02\/Buchhandlung-Thaer-Ladenfront.jpg","jetpack_sharing_enabled":true,"jetpack_shortlink":"https:\/\/wp.me\/p9SoaN-9V","jetpack-related-posts":[],"jetpack_likes_enabled":true,"_links":{"self":[{"href":"http:\/\/www.steinhau.com\/quartierlatin-berlin\/wordpress\/wp-json\/wp\/v2\/posts\/615","targetHints":{"allow":["GET"]}}],"collection":[{"href":"http:\/\/www.steinhau.com\/quartierlatin-berlin\/wordpress\/wp-json\/wp\/v2\/posts"}],"about":[{"href":"http:\/\/www.steinhau.com\/quartierlatin-berlin\/wordpress\/wp-json\/wp\/v2\/types\/post"}],"author":[{"embeddable":true,"href":"http:\/\/www.steinhau.com\/quartierlatin-berlin\/wordpress\/wp-json\/wp\/v2\/users\/2"}],"replies":[{"embeddable":true,"href":"http:\/\/www.steinhau.com\/quartierlatin-berlin\/wordpress\/wp-json\/wp\/v2\/comments?post=615"}],"version-history":[{"count":2,"href":"http:\/\/www.steinhau.com\/quartierlatin-berlin\/wordpress\/wp-json\/wp\/v2\/posts\/615\/revisions"}],"predecessor-version":[{"id":618,"href":"http:\/\/www.steinhau.com\/quartierlatin-berlin\/wordpress\/wp-json\/wp\/v2\/posts\/615\/revisions\/618"}],"wp:featuredmedia":[{"embeddable":true,"href":"http:\/\/www.steinhau.com\/quartierlatin-berlin\/wordpress\/wp-json\/wp\/v2\/media\/616"}],"wp:attachment":[{"href":"http:\/\/www.steinhau.com\/quartierlatin-berlin\/wordpress\/wp-json\/wp\/v2\/media?parent=615"}],"wp:term":[{"taxonomy":"category","embeddable":true,"href":"http:\/\/www.steinhau.com\/quartierlatin-berlin\/wordpress\/wp-json\/wp\/v2\/categories?post=615"},{"taxonomy":"post_tag","embeddable":true,"href":"http:\/\/www.steinhau.com\/quartierlatin-berlin\/wordpress\/wp-json\/wp\/v2\/tags?post=615"}],"curies":[{"name":"wp","href":"https:\/\/api.w.org\/{rel}","templated":true}]}}