{"id":860,"date":"2020-10-11T11:46:01","date_gmt":"2020-10-11T11:46:01","guid":{"rendered":"http:\/\/www.steinhau.com\/quartierlatin-berlin\/wordpress\/?p=860"},"modified":"2020-10-11T11:50:16","modified_gmt":"2020-10-11T11:50:16","slug":"live-im-radioeins-am-15-10-ab-19-30-uhr","status":"publish","type":"post","link":"http:\/\/www.steinhau.com\/quartierlatin-berlin\/wordpress\/live-im-radioeins-am-15-10-ab-19-30-uhr\/","title":{"rendered":"Live im RadioEins am 15.10. ab 19.30 Uhr"},"content":{"rendered":"\n<p>Am kommenden Donnerstag Abend \u2013 15.10. ab 19.30 Uhr \u2013 d\u00fcrfen Marco und Henry <a href=\"https:\/\/www.radioeins.de\/programm\/sendungen\/mofr1921\/_\/-quartier-latin-.html\">Live im radioeins<\/a> \u00fcber ihr sch\u00f6nes, tolles #quartierlatindasbuch reden \u2026 na, da freu\u2019n wir uns doch m\u00e4chtig gewaltig!<\/p>\n\n\n\n<!--more-->\n\n\n\n<figure class=\"wp-block-image\"><img loading=\"lazy\" decoding=\"async\" width=\"673\" height=\"897\" data-attachment-id=\"861\" data-permalink=\"http:\/\/www.steinhau.com\/quartierlatin-berlin\/wordpress\/live-im-radioeins-am-15-10-ab-19-30-uhr\/quartier-latin-das-buch-am-15102020-live-bei-radioeins\/\" data-orig-file=\"http:\/\/www.steinhau.com\/quartierlatin-berlin\/wordpress\/wp-content\/uploads\/2020\/10\/Quartier-Latin-das-Buch-am-15102020-Live-bei-RadioEins.png\" data-orig-size=\"673,897\" data-comments-opened=\"1\" data-image-meta=\"{&quot;aperture&quot;:&quot;0&quot;,&quot;credit&quot;:&quot;&quot;,&quot;camera&quot;:&quot;&quot;,&quot;caption&quot;:&quot;&quot;,&quot;created_timestamp&quot;:&quot;0&quot;,&quot;copyright&quot;:&quot;&quot;,&quot;focal_length&quot;:&quot;0&quot;,&quot;iso&quot;:&quot;0&quot;,&quot;shutter_speed&quot;:&quot;0&quot;,&quot;title&quot;:&quot;&quot;,&quot;orientation&quot;:&quot;0&quot;}\" data-image-title=\"Quartier Latin das Buch am 15102020 Live bei RadioEins\" data-image-description=\"\" data-image-caption=\"\" data-medium-file=\"http:\/\/www.steinhau.com\/quartierlatin-berlin\/wordpress\/wp-content\/uploads\/2020\/10\/Quartier-Latin-das-Buch-am-15102020-Live-bei-RadioEins-225x300.png\" data-large-file=\"http:\/\/www.steinhau.com\/quartierlatin-berlin\/wordpress\/wp-content\/uploads\/2020\/10\/Quartier-Latin-das-Buch-am-15102020-Live-bei-RadioEins.png\" src=\"http:\/\/www.steinhau.com\/quartierlatin-berlin\/wordpress\/wp-content\/uploads\/2020\/10\/Quartier-Latin-das-Buch-am-15102020-Live-bei-RadioEins.png\" alt=\"\" class=\"wp-image-861\" srcset=\"http:\/\/www.steinhau.com\/quartierlatin-berlin\/wordpress\/wp-content\/uploads\/2020\/10\/Quartier-Latin-das-Buch-am-15102020-Live-bei-RadioEins.png 673w, http:\/\/www.steinhau.com\/quartierlatin-berlin\/wordpress\/wp-content\/uploads\/2020\/10\/Quartier-Latin-das-Buch-am-15102020-Live-bei-RadioEins-225x300.png 225w\" sizes=\"auto, (max-width: 673px) 100vw, 673px\" \/><\/figure>\n","protected":false},"excerpt":{"rendered":"<p>Am kommenden Donnerstag Abend \u2013 15.10. ab 19.30 Uhr \u2013 d\u00fcrfen Marco und Henry Live im radioeins \u00fcber ihr sch\u00f6nes,<\/p>\n","protected":false},"author":2,"featured_media":864,"comment_status":"open","ping_status":"open","sticky":false,"template":"","format":"standard","meta":{"jetpack_post_was_ever_published":false,"_jetpack_newsletter_access":"","_jetpack_dont_email_post_to_subs":false,"_jetpack_newsletter_tier_id":0,"_jetpack_memberships_contains_paywalled_content":false,"_jetpack_memberships_contains_paid_content":false,"footnotes":""},"categories":[1],"tags":[],"class_list":["post-860","post","type-post","status-publish","format-standard","has-post-thumbnail","hentry","category-allgemein"],"jetpack_featured_media_url":"http:\/\/www.steinhau.com\/quartierlatin-berlin\/wordpress\/wp-content\/uploads\/2020\/10\/Banner-zu-Quartier-Latin-das-Buch-am-15102020-Live-bei-RadioEins.png","jetpack_sharing_enabled":true,"jetpack_shortlink":"https:\/\/wp.me\/p9SoaN-dS","jetpack-related-posts":[],"jetpack_likes_enabled":true,"_links":{"self":[{"href":"http:\/\/www.steinhau.com\/quartierlatin-berlin\/wordpress\/wp-json\/wp\/v2\/posts\/860","targetHints":{"allow":["GET"]}}],"collection":[{"href":"http:\/\/www.steinhau.com\/quartierlatin-berlin\/wordpress\/wp-json\/wp\/v2\/posts"}],"about":[{"href":"http:\/\/www.steinhau.com\/quartierlatin-berlin\/wordpress\/wp-json\/wp\/v2\/types\/post"}],"author":[{"embeddable":true,"href":"http:\/\/www.steinhau.com\/quartierlatin-berlin\/wordpress\/wp-json\/wp\/v2\/users\/2"}],"replies":[{"embeddable":true,"href":"http:\/\/www.steinhau.com\/quartierlatin-berlin\/wordpress\/wp-json\/wp\/v2\/comments?post=860"}],"version-history":[{"count":4,"href":"http:\/\/www.steinhau.com\/quartierlatin-berlin\/wordpress\/wp-json\/wp\/v2\/posts\/860\/revisions"}],"predecessor-version":[{"id":867,"href":"http:\/\/www.steinhau.com\/quartierlatin-berlin\/wordpress\/wp-json\/wp\/v2\/posts\/860\/revisions\/867"}],"wp:featuredmedia":[{"embeddable":true,"href":"http:\/\/www.steinhau.com\/quartierlatin-berlin\/wordpress\/wp-json\/wp\/v2\/media\/864"}],"wp:attachment":[{"href":"http:\/\/www.steinhau.com\/quartierlatin-berlin\/wordpress\/wp-json\/wp\/v2\/media?parent=860"}],"wp:term":[{"taxonomy":"category","embeddable":true,"href":"http:\/\/www.steinhau.com\/quartierlatin-berlin\/wordpress\/wp-json\/wp\/v2\/categories?post=860"},{"taxonomy":"post_tag","embeddable":true,"href":"http:\/\/www.steinhau.com\/quartierlatin-berlin\/wordpress\/wp-json\/wp\/v2\/tags?post=860"}],"curies":[{"name":"wp","href":"https:\/\/api.w.org\/{rel}","templated":true}]}}