{"id":869,"date":"2020-12-13T18:22:55","date_gmt":"2020-12-13T18:22:55","guid":{"rendered":"http:\/\/www.steinhau.com\/quartierlatin-berlin\/wordpress\/?p=869"},"modified":"2020-12-13T21:03:07","modified_gmt":"2020-12-13T21:03:07","slug":"in-der-schlossstrasse-und-im-hauptbahnhof-das-quartier-latin-buch-rockt-die-regale","status":"publish","type":"post","link":"http:\/\/www.steinhau.com\/quartierlatin-berlin\/wordpress\/in-der-schlossstrasse-und-im-hauptbahnhof-das-quartier-latin-buch-rockt-die-regale\/","title":{"rendered":"In der Schlossstra\u00dfe und im Hauptbahnhof: Das Quartier Latin-Buch rockt die Regale"},"content":{"rendered":"\n<p>Bei Hugendubel in der Steglitzer Schlossstra\u00dfe steht unser Quartier Latin-Buch derzeit nahe dem Eingang auf&#8217;nem Pr\u00e4sentationstisch, direkt neben Titeln \u00fcber Berliner Ortsteile, den Flughafen Tegel und die U-Bahnlinie 5. Tr\u00e8s bien!<\/p>\n\n\n\n<!--more-->\n\n\n\n<p>Das ist doch beste Gesellschaft, wenn es um Kieze und j\u00fcngere Stadtgeschichte geht. War doch das Quartier Latin stets stark im Leben des ebenso verruchten wie verrockten Viertels rund um die n\u00f6rdliche Potsdamer Stra\u00dfe verankert. Und es hat als Musikb\u00fchne, Szenetreff und \u201eKneipe mit Saal\u201c f\u00fcr knapp 20 Jahre wortw\u00f6rtlich <em>nachhallende Stadtgeschichte<\/em> geschrieben.<\/p>\n\n\n\n<p>Mehr noch: Das vorherige Leben dieses Saals als Kino mit dem Namen <strong>\u201eBiophon Theater-Lichtspiele\u201c \u2013 kurz: \u201eBTL\u201c<\/strong> hat einen festen Platz in der Kulturgeschichte Berlins. Immerhin existierte das BTL an diesem Ort rund 50 Jahre!<\/p>\n\n\n\n<p>Und wo wir gerade bei Stadtgeschichte sind: Bevor im Geb\u00e4ude in der Potsdamer Stra\u00dfe das Lichtspieltheater eingebaut und 1913 eingeweiht wurde, residierte dort das Verleger-Ehepaar <strong>Franz und Frieda von Lipperheide<\/strong>. Und die beiden haben ebenfalls Stadtgeschichte geschrieben: Mit einem gut gehenden, international agierenden Modezeitschriftenverlag und als Teil der h\u00f6heren Berliner Gesellschaft, die des \u00f6fteren im herrschaftlichen Haus in der Potsdamer Stra\u00dfe zu Gast war.<\/p>\n\n\n\n<p>\u00dcber die von Lipperheides und deren Verlag, \u00fcber das BTL und \u00fcber viele andere gewerbliche Mieter des Hauses \u2013 etwa die <strong>Ph\u00e4nomobilwerke<\/strong>, die <strong>Berliner FDP<\/strong> oder der <strong>Tip-Magazin-Verlag<\/strong> \u2013 erz\u00e4hlen wir in unserem Buch. <em>Stadtgeschichte par excellence<\/em>, <em>n&#8217;est-ce pas?<\/em><\/p>\n\n\n\n<p>Aber zur\u00fcck ins Hier und jetzt und in den station\u00e4ren Buchhandel: Auch beim <strong>Virgin Store im Hauptbahnhof <\/strong>befindet sich unser Buch \u00fcber den legend\u00e4ren Berliner Musikladen Quartier Latin in ebenso guter Gesellschaft. Dort steht es im \u201eMusik\u201c-Regal neben Titel \u00fcber David Bowie, Jimi Hendrix, Johnny Cash, Depeche Mode und die Ramones.<\/p>\n\n\n\n<figure class=\"wp-block-image\"><img loading=\"lazy\" decoding=\"async\" width=\"768\" height=\"1024\" data-attachment-id=\"872\" data-permalink=\"http:\/\/www.steinhau.com\/quartierlatin-berlin\/wordpress\/in-der-schlossstrasse-und-im-hauptbahnhof-das-quartier-latin-buch-rockt-die-regale\/img_5011\/\" data-orig-file=\"http:\/\/www.steinhau.com\/quartierlatin-berlin\/wordpress\/wp-content\/uploads\/2020\/12\/IMG_5011.jpg\" data-orig-size=\"3024,4032\" data-comments-opened=\"1\" data-image-meta=\"{&quot;aperture&quot;:&quot;2.2&quot;,&quot;credit&quot;:&quot;&quot;,&quot;camera&quot;:&quot;iPhone SE (1st generation)&quot;,&quot;caption&quot;:&quot;&quot;,&quot;created_timestamp&quot;:&quot;1601482962&quot;,&quot;copyright&quot;:&quot;&quot;,&quot;focal_length&quot;:&quot;4.15&quot;,&quot;iso&quot;:&quot;32&quot;,&quot;shutter_speed&quot;:&quot;0.03030303030303&quot;,&quot;title&quot;:&quot;&quot;,&quot;orientation&quot;:&quot;1&quot;}\" data-image-title=\"IMG_5011\" data-image-description=\"\" data-image-caption=\"\" data-medium-file=\"http:\/\/www.steinhau.com\/quartierlatin-berlin\/wordpress\/wp-content\/uploads\/2020\/12\/IMG_5011-225x300.jpg\" data-large-file=\"http:\/\/www.steinhau.com\/quartierlatin-berlin\/wordpress\/wp-content\/uploads\/2020\/12\/IMG_5011-768x1024.jpg\" src=\"http:\/\/www.steinhau.com\/quartierlatin-berlin\/wordpress\/wp-content\/uploads\/2020\/12\/IMG_5011-768x1024.jpg\" alt=\"\" class=\"wp-image-872\" srcset=\"http:\/\/www.steinhau.com\/quartierlatin-berlin\/wordpress\/wp-content\/uploads\/2020\/12\/IMG_5011-768x1024.jpg 768w, http:\/\/www.steinhau.com\/quartierlatin-berlin\/wordpress\/wp-content\/uploads\/2020\/12\/IMG_5011-225x300.jpg 225w\" sizes=\"auto, (max-width: 768px) 100vw, 768px\" \/><\/figure>\n\n\n\n<p>Gut so! Und wer unser Quartier Latin-Buch auch in einem Schaufenster, in einer Auslage oder in einem Regal entdeckt \u2013 <strong>her mit einem Foto davon!<\/strong> :-)  Nein, wirklich, ihr w\u00fcrdet uns mit Fundsachen solcher Art sehr entz\u00fccken.<\/p>\n\n\n\n<p>Selbstredend m\u00f6gt ihr es nach wie vor gerne bei der Kiez-Buchhandlung eures Vertrauens bestellen und erwerben.<\/p>\n\n\n\n<p>\u00dcbrigens: wer ins gekaufte Exemplar pers\u00f6nliche Widmungen von uns  w\u00fcnscht, m\u00f6ge sich bitte unter quartierlatin@hest.de melden. F\u00fcr K\u00e4ufer*innen im Gro\u00dfraum Berlin und \u00fcberhaupt findet sich daf\u00fcr hoffentlich ein Weg. <\/p>\n\n\n\n<p>So oder so: Marco und Henry w\u00fcnschen an dieser Stelle und auf diesem Weg und am Ende dieses Jahres 2020 vor allem, <strong>dass ihr solidarisch bleibt, geduldig bleibt, gesund bleibt!<\/strong><\/p>\n\n\n\n<p>Wir sehen uns dann bei einer weiteren <strong>Lesung mit Musik und Geschichten aus dem Quartier Latin<\/strong>, wann immer der richtige Zeitpunkt daf\u00fcr sein wird. Darauf freuen wir uns schon sehr!<\/p>\n","protected":false},"excerpt":{"rendered":"<p>Bei Hugendubel in der Steglitzer Schlossstra\u00dfe steht unser Quartier Latin-Buch derzeit nahe dem Eingang auf&#8217;nem Pr\u00e4sentationstisch, direkt neben Titeln \u00fcber<\/p>\n","protected":false},"author":2,"featured_media":873,"comment_status":"open","ping_status":"open","sticky":false,"template":"","format":"standard","meta":{"jetpack_post_was_ever_published":false,"_jetpack_newsletter_access":"","_jetpack_dont_email_post_to_subs":false,"_jetpack_newsletter_tier_id":0,"_jetpack_memberships_contains_paywalled_content":false,"_jetpack_memberships_contains_paid_content":false,"footnotes":""},"categories":[1],"tags":[76],"class_list":["post-869","post","type-post","status-publish","format-standard","has-post-thumbnail","hentry","category-allgemein","tag-buchhandel"],"jetpack_featured_media_url":"http:\/\/www.steinhau.com\/quartierlatin-berlin\/wordpress\/wp-content\/uploads\/2020\/12\/QL-Buch-bei-Hugendubel-Steglitz.png","jetpack_sharing_enabled":true,"jetpack_shortlink":"https:\/\/wp.me\/p9SoaN-e1","jetpack-related-posts":[],"jetpack_likes_enabled":true,"_links":{"self":[{"href":"http:\/\/www.steinhau.com\/quartierlatin-berlin\/wordpress\/wp-json\/wp\/v2\/posts\/869","targetHints":{"allow":["GET"]}}],"collection":[{"href":"http:\/\/www.steinhau.com\/quartierlatin-berlin\/wordpress\/wp-json\/wp\/v2\/posts"}],"about":[{"href":"http:\/\/www.steinhau.com\/quartierlatin-berlin\/wordpress\/wp-json\/wp\/v2\/types\/post"}],"author":[{"embeddable":true,"href":"http:\/\/www.steinhau.com\/quartierlatin-berlin\/wordpress\/wp-json\/wp\/v2\/users\/2"}],"replies":[{"embeddable":true,"href":"http:\/\/www.steinhau.com\/quartierlatin-berlin\/wordpress\/wp-json\/wp\/v2\/comments?post=869"}],"version-history":[{"count":9,"href":"http:\/\/www.steinhau.com\/quartierlatin-berlin\/wordpress\/wp-json\/wp\/v2\/posts\/869\/revisions"}],"predecessor-version":[{"id":882,"href":"http:\/\/www.steinhau.com\/quartierlatin-berlin\/wordpress\/wp-json\/wp\/v2\/posts\/869\/revisions\/882"}],"wp:featuredmedia":[{"embeddable":true,"href":"http:\/\/www.steinhau.com\/quartierlatin-berlin\/wordpress\/wp-json\/wp\/v2\/media\/873"}],"wp:attachment":[{"href":"http:\/\/www.steinhau.com\/quartierlatin-berlin\/wordpress\/wp-json\/wp\/v2\/media?parent=869"}],"wp:term":[{"taxonomy":"category","embeddable":true,"href":"http:\/\/www.steinhau.com\/quartierlatin-berlin\/wordpress\/wp-json\/wp\/v2\/categories?post=869"},{"taxonomy":"post_tag","embeddable":true,"href":"http:\/\/www.steinhau.com\/quartierlatin-berlin\/wordpress\/wp-json\/wp\/v2\/tags?post=869"}],"curies":[{"name":"wp","href":"https:\/\/api.w.org\/{rel}","templated":true}]}}