{"id":421,"date":"2018-10-02T10:15:00","date_gmt":"2018-10-02T10:15:00","guid":{"rendered":"http:\/\/www.steinhau.com\/quartierlatin-berlin\/wordpress\/?p=421"},"modified":"2018-11-30T19:08:29","modified_gmt":"2018-11-30T19:08:29","slug":"kurzvorstellung-des-buchs-beim-blauen-montag-in-den-wuehlmaeusen-am-1-10-18","status":"publish","type":"post","link":"https:\/\/www.steinhau.com\/quartierlatin-berlin\/wordpress\/kurzvorstellung-des-buchs-beim-blauen-montag-in-den-wuehlmaeusen-am-1-10-18\/","title":{"rendered":"Kurzvorstellung des Buchs beim \u201eBlauen Montag\u201c in den W\u00fchlm\u00e4usen am 1.10.18"},"content":{"rendered":"<p>Gestern beim <a href=\"http:\/\/www.der-blaue-montag.de\/rueck.php?schau=2018\">\u201eBlauen Montag\u201c<\/a> in den \u201e<a href=\"https:\/\/www.wuehlmaeuse.de\">W\u00fchlm\u00e4usen<\/a>\u201c am Theodor-Heuss-Platz: Gastgeber und Moderator des \u201elebenden Stadtmagazins\u201c, Kabarettist\u00a0<em><a class=\"_58cn\" href=\"http:\/\/www.rating.de\" data-ft=\"{&quot;type&quot;:104,&quot;tn&quot;:&quot;*N&quot;}\"><span class=\"_5afx\"><span class=\"_58cm\">Arnulf Rating<\/span><\/span><\/a><\/em> lud <em><a class=\"profileLink\" href=\"https:\/\/www.hest.de\" data-hovercard=\"\/ajax\/hovercard\/user.php?id=580962979&amp;extragetparams=%7B%22__tn__%22%3A%22%2CdK-R-R%22%2C%22eid%22%3A%22ARBLazbdAqrep5gxBSbr-6zHvD6zy8BKhIcJ0cAeI43Bu0r-x_46INUj4GmfMGfxGSnDai-LsYrA4vxe%22%2C%22fref%22%3A%22mentions%22%7D\" data-hovercard-prefer-more-content-show=\"1\">Henry<\/a><\/em> ein, auf der B\u00fchne kurz unser frisch erschienenes Buch vorzustellen. <strong>Wow, welche Ehre! <\/strong><\/p>\n<p>Mit dabei waren unter anderem <a class=\"profileLink\" href=\"http:\/\/luul.de\" data-hovercard=\"\/ajax\/hovercard\/page.php?id=251803021514792&amp;extragetparams=%7B%22__tn__%22%3A%22%2CdK-R-R%22%2C%22eid%22%3A%22ARDSUz1noQbaCWQ_NP5mVmUsoQPy7_bBsZ0Zg-qGtwgvvWGvPPl9woEI7zRjPDpRH5rL9eH1S2SP-cDP%22%2C%22fref%22%3A%22mentions%22%7D\" data-hovercard-prefer-more-content-show=\"1\">L\u00fc\u00fcl<\/a> und Band, der Zauberer Monsieur Momo, Literat <a class=\"profileLink\" href=\"http:\/\/www.falko-hennig.de\/start0.htm\" data-hovercard=\"\/ajax\/hovercard\/user.php?id=775012365&amp;extragetparams=%7B%22__tn__%22%3A%22%2CdK-R-R%22%2C%22eid%22%3A%22ARBOxzB3WEqbxR1aL74HAeSBFrcZmQSF0a1l-lSptYF0yVU_AvwwwXJoMePN6T-EQIgpfuh9BW1-gSpy%22%2C%22fref%22%3A%22mentions%22%7D\" data-hovercard-prefer-more-content-show=\"1\">Falko Hennig<\/a>, die Singegruppe <a class=\"_58cn\" href=\"http:\/\/www.schnapsimsilbersee.de\" data-ft=\"{&quot;type&quot;:104,&quot;tn&quot;:&quot;*N&quot;}\"><span class=\"_5afx\"><span class=\"_58cm\">SchnapsimSilbersee<\/span><\/span><\/a> und viele, viele andere tolle K\u00fcnstlerInnen.<\/p>\n<p>Zudem durfte Henry das Buch im Foyer am Merchandisestand verkaufen und signieren \u2013 und stand am Ende leer da, weil alle mitgebrachten Exemplare weggingen. Wie cool ist das denn?!<\/p>\n<p><strong>Herzlichen Dank an Arnulf, das Maulhelden-B\u00fcro und die W\u00fchlm\u00e4use daf\u00fcr!<\/strong><\/p>\n","protected":false},"excerpt":{"rendered":"<p>Gestern beim \u201eBlauen Montag\u201c in den \u201eW\u00fchlm\u00e4usen\u201c am Theodor-Heuss-Platz: Gastgeber und Moderator des \u201elebenden Stadtmagazins\u201c, Kabarettist\u00a0Arnulf Rating lud Henry ein,<\/p>\n","protected":false},"author":2,"featured_media":422,"comment_status":"open","ping_status":"open","sticky":false,"template":"","format":"standard","meta":{"jetpack_post_was_ever_published":false,"_jetpack_newsletter_access":"","_jetpack_dont_email_post_to_subs":false,"_jetpack_newsletter_tier_id":0,"_jetpack_memberships_contains_paywalled_content":false,"_jetpack_memberships_contains_paid_content":false,"footnotes":""},"categories":[21],"tags":[36,37,38,35],"class_list":["post-421","post","type-post","status-publish","format-standard","has-post-thumbnail","hentry","category-presseschau","tag-arnulf-rating","tag-der-blaue-montag","tag-die-wuehlmaeuse","tag-stadtmagazin"],"jetpack_featured_media_url":"https:\/\/www.steinhau.com\/quartierlatin-berlin\/wordpress\/wp-content\/uploads\/2018\/11\/HSteinhau-beim-blauen-Montag-1.10.-Wuehlmaeuse-e1543604853786.jpg","jetpack_sharing_enabled":true,"jetpack_shortlink":"https:\/\/wp.me\/p9SoaN-6N","jetpack-related-posts":[],"jetpack_likes_enabled":true,"_links":{"self":[{"href":"https:\/\/www.steinhau.com\/quartierlatin-berlin\/wordpress\/wp-json\/wp\/v2\/posts\/421","targetHints":{"allow":["GET"]}}],"collection":[{"href":"https:\/\/www.steinhau.com\/quartierlatin-berlin\/wordpress\/wp-json\/wp\/v2\/posts"}],"about":[{"href":"https:\/\/www.steinhau.com\/quartierlatin-berlin\/wordpress\/wp-json\/wp\/v2\/types\/post"}],"author":[{"embeddable":true,"href":"https:\/\/www.steinhau.com\/quartierlatin-berlin\/wordpress\/wp-json\/wp\/v2\/users\/2"}],"replies":[{"embeddable":true,"href":"https:\/\/www.steinhau.com\/quartierlatin-berlin\/wordpress\/wp-json\/wp\/v2\/comments?post=421"}],"version-history":[{"count":1,"href":"https:\/\/www.steinhau.com\/quartierlatin-berlin\/wordpress\/wp-json\/wp\/v2\/posts\/421\/revisions"}],"predecessor-version":[{"id":423,"href":"https:\/\/www.steinhau.com\/quartierlatin-berlin\/wordpress\/wp-json\/wp\/v2\/posts\/421\/revisions\/423"}],"wp:featuredmedia":[{"embeddable":true,"href":"https:\/\/www.steinhau.com\/quartierlatin-berlin\/wordpress\/wp-json\/wp\/v2\/media\/422"}],"wp:attachment":[{"href":"https:\/\/www.steinhau.com\/quartierlatin-berlin\/wordpress\/wp-json\/wp\/v2\/media?parent=421"}],"wp:term":[{"taxonomy":"category","embeddable":true,"href":"https:\/\/www.steinhau.com\/quartierlatin-berlin\/wordpress\/wp-json\/wp\/v2\/categories?post=421"},{"taxonomy":"post_tag","embeddable":true,"href":"https:\/\/www.steinhau.com\/quartierlatin-berlin\/wordpress\/wp-json\/wp\/v2\/tags?post=421"}],"curies":[{"name":"wp","href":"https:\/\/api.w.org\/{rel}","templated":true}]}}